{"id":1798,"date":"2009-11-23T08:48:26","date_gmt":"2009-11-23T07:48:26","guid":{"rendered":"http:\/\/willsagen.de\/?p=1798"},"modified":"2009-11-23T08:48:26","modified_gmt":"2009-11-23T07:48:26","slug":"mikrokopter-feuertaufe-bestanden","status":"publish","type":"post","link":"https:\/\/willsagen.de\/?p=1798","title":{"rendered":"Mikrokopter: Feuertaufe bestanden!"},"content":{"rendered":"<p><img loading=\"lazy\" decoding=\"async\" class=\"alignleft\" style=\"margin-left: 2px; margin-right: 2px;\" src=\"http:\/\/farm3.static.flickr.com\/2758\/4127562794_1c1ce45375_m.jpg\" alt=\"Koptercam dImage X31\" width=\"240\" height=\"180\" \/>Inzwischen hat mein Kopter das Fliegen erfolgreich gelernt. Auch die <a href=\"http:\/\/willsagen.de\/?p=1756\" target=\"_blank\">Kamerasuche<\/a> ist erstmal beendet. Es ist eine Konica Minolta dImage X31 geworden, die nun mit meinem Kopter durch die Gegend fliegen darf.<\/p>\n<p>Damit ich sie per Fernsteuersender ausl\u00f6sen kann, habe ich sie erstmal ge\u00f6ffnet und an die Ausl\u00f6serplatine ein paar Dr\u00e4hte angel\u00f6tet. Wenn man das gelbe an das rote Kabel h\u00e4lt, wird der Fokus bet\u00e4tigt, h\u00e4lt man das dritte Kabel an die anderen beiden, wird ein Foto aufgenommen. H\u00e4lt man alle drei Kabel gleichzeitig aneinander, stellt die Kamera erst scharf und l\u00f6st dann aus. Prima. Au\u00dferdem hat die Kamera einen 3-Volt-Eingang, der demn\u00e4chst f\u00fcr die Stromversorgung herhalten muss. Einziger Wermutstropfen ist, dass die Kamera jedesmal nach dem Einschalten verlangt, dass man das Datum einstellen soll, sobald die Akkus mal nicht eingelegt waren. Vielleicht h\u00e4ngt das mit der Knopfzelle auf der Ausl\u00f6serplatine zusammen.<\/p>\n<p><a title=\"Koptercam dImage X31 by mompl, on Flickr\" href=\"http:\/\/www.flickr.com\/photos\/mompl\/4126791039\/\"><img loading=\"lazy\" decoding=\"async\" class=\"alignleft\" style=\"margin-left: 2px; margin-right: 2px;\" src=\"http:\/\/farm3.static.flickr.com\/2700\/4126791039_2aba6aa49b_m.jpg\" alt=\"Koptercam dImage X31\" width=\"240\" height=\"180\" \/><\/a>Als n\u00e4chstes habe ich die Kamerahalterung f\u00fcr die Minolta etwas modifiziert und den Akku versetzt, damit der Schwerpunkt einigerma\u00dfen passt. Der Kopter kann das zwar ziemlich problemlos (bis zu einem gewissen Grad) ausbalancieren. Wenn der Schwerpunkt in der Mitte ist, hat man aber die Gew\u00e4hr, dass die Motoren etwa gleich belastet werden. Ansonsten muss einer der Motoren immer schwerer arbeiten als die anderen.<\/p>\n<p><a title=\"flying kopter1 by mompl, on Flickr\" href=\"http:\/\/www.flickr.com\/photos\/mompl\/4106045727\/\"><img loading=\"lazy\" decoding=\"async\" class=\"alignleft\" style=\"margin-left: 2px; margin-right: 2px;\" src=\"http:\/\/farm3.static.flickr.com\/2544\/4106045727_7cb52e8636_m.jpg\" alt=\"flying kopter1\" width=\"240\" height=\"180\" \/><\/a>An das Fliegen habe ich mich zwar noch nicht so richtig gew\u00f6hnt, bislang ist aber alles heil geblieben. Zumindest, nachdem ich den Kopter nun richtig flugfertig habe. Denn es gab doch noch einen herben R\u00fcckschlag. Ich hatte gelesen, dass man die Platinen der Motorregler mit Platinenschutzlack gegen Feuchtigkeit sch\u00fctzen soll. Selbst bei feuchter Witterung und Nebel hat es schon Schwierigkeiten mit den Reglern durch Feuchtigkeit gegeben. Ich habe es nur etwas zu gut gemeint und die Hauptplatine gleich mit versiegelt. Das mochten nur leider die Gyro-Sensoren nicht. Die haben offene Geh\u00e4use (wie ich inzwischen wei\u00df). Da ist dann wohl etwas von dem Lack eingedrungen und hat deren Funktion so gest\u00f6rt, dass an kontrolliertes Fliegen nicht zu denken war. Das ist inzwischen zum Gl\u00fcck Geschichte. Das Ding schwebt nun wunderbar. Dennoch ist das Fliegen im Vergleich zu meinen Fl\u00e4chenfliegern schon ziemlich anders. Im Moment kann ich nur hin- und her bzw. vor- und zur\u00fcck schweben. Die Position, die ich anfliegen m\u00f6chte, erreiche ich. Nur, ein Rundflug mit Kurven und so? Daran ist noch nicht zu denken. Ich \u00fcbe noch, und werde das auch noch schaffen.<\/p>\n<p><a title=\"Irgendwo in Brandenburg by mompl, on Flickr\" href=\"http:\/\/www.flickr.com\/photos\/mompl\/4126801409\/\"><img loading=\"lazy\" decoding=\"async\" class=\"alignleft\" style=\"margin-left: 2px; margin-right: 2px;\" src=\"http:\/\/farm3.static.flickr.com\/2749\/4126801409_f00f4347f1_m.jpg\" alt=\"Irgendwo in Brandenburg\" width=\"240\" height=\"180\" \/><\/a>Immerhin ist inzwischen das erste Luftbild einer Stra\u00dfenkreuzung entstanden, das nun noch (geringf\u00fcgig) entzerrt und dann mit einem CAD-Programm skaliert wird. Anstatt die gesamte Kreuzung vermessen zu m\u00fcssen, damit man einen Unfall richtig rekonstruieren kann, mussten nur die Abst\u00e4nde der vier beliebig aufgemalten Markierungen zueinander ausgemessen werden. Das ist schnell gemacht. Damit hat der Kopter seine Feuertaufe bestanden.<\/p>\n<p>Besten Dank an Dirk A. und Markus N., ohne die ich nie so weit gekommen w\u00e4re!<\/p>\n<p><object classid=\"clsid:d27cdb6e-ae6d-11cf-96b8-444553540000\" width=\"400\" height=\"300\" codebase=\"http:\/\/download.macromedia.com\/pub\/shockwave\/cabs\/flash\/swflash.cab#version=6,0,40,0\"><param name=\"flashvars\" value=\"intl_lang=en-us&amp;photo_secret=fe0f8102da&amp;photo_id=4124524977\" \/><param name=\"bgcolor\" value=\"#000000\" \/><param name=\"allowFullScreen\" value=\"true\" \/><param name=\"src\" value=\"http:\/\/www.flickr.com\/apps\/video\/stewart.swf?v=71377\" \/><param name=\"allowfullscreen\" value=\"true\" \/><embed type=\"application\/x-shockwave-flash\" width=\"400\" height=\"300\" src=\"http:\/\/www.flickr.com\/apps\/video\/stewart.swf?v=71377\" allowfullscreen=\"true\" bgcolor=\"#000000\" flashvars=\"intl_lang=en-us&amp;photo_secret=fe0f8102da&amp;photo_id=4124524977\"><\/embed><\/object><\/p>\n","protected":false},"excerpt":{"rendered":"<p>Inzwischen hat mein Kopter das Fliegen erfolgreich gelernt. Auch die Kamerasuche ist erstmal beendet. Es ist eine Konica Minolta dImage X31 geworden, die nun mit meinem Kopter durch die Gegend fliegen darf. Damit ich sie per Fernsteuersender ausl\u00f6sen kann, habe ich sie erstmal ge\u00f6ffnet und an die Ausl\u00f6serplatine ein paar Dr\u00e4hte angel\u00f6tet. Wenn man das [&hellip;]<\/p>\n","protected":false},"author":1,"featured_media":0,"comment_status":"open","ping_status":"open","sticky":false,"template":"","format":"standard","meta":{"footnotes":""},"categories":[28],"tags":[],"class_list":["post-1798","post","type-post","status-publish","format-standard","hentry","category-zum-abheben"],"_links":{"self":[{"href":"https:\/\/willsagen.de\/index.php?rest_route=\/wp\/v2\/posts\/1798","targetHints":{"allow":["GET"]}}],"collection":[{"href":"https:\/\/willsagen.de\/index.php?rest_route=\/wp\/v2\/posts"}],"about":[{"href":"https:\/\/willsagen.de\/index.php?rest_route=\/wp\/v2\/types\/post"}],"author":[{"embeddable":true,"href":"https:\/\/willsagen.de\/index.php?rest_route=\/wp\/v2\/users\/1"}],"replies":[{"embeddable":true,"href":"https:\/\/willsagen.de\/index.php?rest_route=%2Fwp%2Fv2%2Fcomments&post=1798"}],"version-history":[{"count":0,"href":"https:\/\/willsagen.de\/index.php?rest_route=\/wp\/v2\/posts\/1798\/revisions"}],"wp:attachment":[{"href":"https:\/\/willsagen.de\/index.php?rest_route=%2Fwp%2Fv2%2Fmedia&parent=1798"}],"wp:term":[{"taxonomy":"category","embeddable":true,"href":"https:\/\/willsagen.de\/index.php?rest_route=%2Fwp%2Fv2%2Fcategories&post=1798"},{"taxonomy":"post_tag","embeddable":true,"href":"https:\/\/willsagen.de\/index.php?rest_route=%2Fwp%2Fv2%2Ftags&post=1798"}],"curies":[{"name":"wp","href":"https:\/\/api.w.org\/{rel}","templated":true}]}}