{"id":2906,"date":"2011-01-20T15:03:13","date_gmt":"2011-01-20T14:03:13","guid":{"rendered":"http:\/\/willsagen.de\/?p=2906"},"modified":"2011-01-20T15:03:13","modified_gmt":"2011-01-20T14:03:13","slug":"epetition-wider-die-sprachliche-einfalt","status":"publish","type":"post","link":"https:\/\/willsagen.de\/?p=2906","title":{"rendered":"ePetition: Wider die sprachliche Einfalt"},"content":{"rendered":"<p>Ich mag es ja, wenn ich in der U-Bahn sitze und die Leute in vielen verschiedenen Sprachen reden h\u00f6re. Da f\u00fchlt man sich gleich so international. (Ich hab mich dabei auch immer wieder ertappt, dass ich denke, wie schlau doch so ein Handy sein muss, dass man damit in jeder x-beliebigen (Sprech-)Sprache telefonieren kann&#8230;)<\/p>\n<p>Nun gibt es aber auch Bestrebungen, die erreichen wollen, dass &#8222;Deutsch&#8220; ins Grundgesetz aufgenommen wird. Amtssprache ist &#8222;Deutsch&#8220; ja eh im Bund und in den Bundesl\u00e4ndern. Daher tut eine weitere Regulierung \u00fcberhaupt nicht Not. Anatol Stefanowitsch beschreibt das <a href=\"http:\/\/www.wissenslogs.de\/wblogs\/blog\/sprachlog\/sprachpolitik\/2011-01-20\/f-r-eine-vielstimmige-gesellschaft\" target=\"_blank\">hier<\/a> noch viel genauer. Ich muss mich da auch nicht in Wiederholungen ergehen. Vor allem hat er aber auch eine ePetition auf die Beine gestellt, die man <a href=\"https:\/\/epetitionen.bundestag.de\/index.php?action=petition;sa=details;petition=15840\" target=\"_blank\">hier<\/a> mitzeichnen kann. Das tut nicht weh, geht schnell und kost&#8216; nichts.<\/p>\n<p>Denn sind wir mal ehrlich: Sprache ist im stetigen Wandel. Andere Sprachen, nicht mal das Englische, sperren sich z. B. vor der Aufnahme, bzw. dem Gebrauch deutscher Begriffe. Da muss man jetzt nicht mit der Germanenkeule daherkommen und alles niederdreschen, was irgendein Hinterw\u00e4ldler f\u00fcr undeutsch h\u00e4lt.<\/p>\n<p>Ich sage ganz ehrlich, dass ich diese &#8222;Denglisierung&#8220; in vielen F\u00e4llen furchtbar finde, wenn ich am Bahnhof nach dem &#8222;Food court&#8220; suchen muss, damit ich was Essbares finde. Geradezu memenhaft kommt immer wieder der &#8222;Back Shop&#8220; daher. Nur \u00fcberwiegt f\u00fcr mich dann auch eher der Eindruck, dass sich derjenige eher l\u00e4cherlich macht, der mit \u00fcberbordendem Eifer Fremdsprache aufgesetzt benutzt.<\/p>\n<p>Allerdings ist es auch ganz normal, dass Sprache in einem stetigen Wandel ist. Viele englische, franz\u00f6sische oder anderssprachliche W\u00f6rter finden sich in unserem allt\u00e4glichen Sprachgebrauch, ganz oft, weil sie auch einfach praktisch sind. Warum sollte man nicht z. B. &#8222;Online-Shop&#8220; sagen? Jeder wei\u00df, was gemeint ist, und ein deutscher Begriff w\u00e4re v\u00f6llig verkrampft. Wer das mit einer Aufnahme der deutschen Sprache ins Grundgesetz fordert, hat wahrscheinlich nicht dar\u00fcber nachgedacht, inwieweit er sich dadurch selbst sprachlich einschr\u00e4nken w\u00fcrde. Meistens ist sowas eher parteitypischem Populismus geschuldet.<\/p>\n<p>Daher, damit es nicht untergeht hier noch einmal der <a href=\"https:\/\/epetitionen.bundestag.de\/index.php?action=petition;sa=details;petition=15840\" target=\"_blank\">Link zur ePetition<\/a>.<\/p>\n","protected":false},"excerpt":{"rendered":"<p>Ich mag es ja, wenn ich in der U-Bahn sitze und die Leute in vielen verschiedenen Sprachen reden h\u00f6re. Da f\u00fchlt man sich gleich so international. (Ich hab mich dabei auch immer wieder ertappt, dass ich denke, wie schlau doch so ein Handy sein muss, dass man damit in jeder x-beliebigen (Sprech-)Sprache telefonieren kann&#8230;) Nun [&hellip;]<\/p>\n","protected":false},"author":1,"featured_media":0,"comment_status":"open","ping_status":"open","sticky":false,"template":"","format":"standard","meta":{"footnotes":""},"categories":[17],"tags":[],"class_list":["post-2906","post","type-post","status-publish","format-standard","hentry","category-im-fluss"],"_links":{"self":[{"href":"https:\/\/willsagen.de\/index.php?rest_route=\/wp\/v2\/posts\/2906","targetHints":{"allow":["GET"]}}],"collection":[{"href":"https:\/\/willsagen.de\/index.php?rest_route=\/wp\/v2\/posts"}],"about":[{"href":"https:\/\/willsagen.de\/index.php?rest_route=\/wp\/v2\/types\/post"}],"author":[{"embeddable":true,"href":"https:\/\/willsagen.de\/index.php?rest_route=\/wp\/v2\/users\/1"}],"replies":[{"embeddable":true,"href":"https:\/\/willsagen.de\/index.php?rest_route=%2Fwp%2Fv2%2Fcomments&post=2906"}],"version-history":[{"count":0,"href":"https:\/\/willsagen.de\/index.php?rest_route=\/wp\/v2\/posts\/2906\/revisions"}],"wp:attachment":[{"href":"https:\/\/willsagen.de\/index.php?rest_route=%2Fwp%2Fv2%2Fmedia&parent=2906"}],"wp:term":[{"taxonomy":"category","embeddable":true,"href":"https:\/\/willsagen.de\/index.php?rest_route=%2Fwp%2Fv2%2Fcategories&post=2906"},{"taxonomy":"post_tag","embeddable":true,"href":"https:\/\/willsagen.de\/index.php?rest_route=%2Fwp%2Fv2%2Ftags&post=2906"}],"curies":[{"name":"wp","href":"https:\/\/api.w.org\/{rel}","templated":true}]}}