{"id":2951,"date":"2011-02-11T15:15:58","date_gmt":"2011-02-11T14:15:58","guid":{"rendered":"http:\/\/willsagen.de\/?p=2951"},"modified":"2011-02-11T15:15:58","modified_gmt":"2011-02-11T14:15:58","slug":"ode-an-einen-burostuhl","status":"publish","type":"post","link":"https:\/\/willsagen.de\/?p=2951","title":{"rendered":"Ode an einen B\u00fcrostuhl"},"content":{"rendered":"<p><em><a href=\"http:\/\/bigasfunk.de\/wp-content\/uploads\/2011\/02\/Smart11.jpg\"><img loading=\"lazy\" decoding=\"async\" class=\"alignleft size-medium wp-image-2959\" style=\"margin: 2px;\" title=\"Smart1\" src=\"http:\/\/bigasfunk.de\/wp-content\/uploads\/2011\/02\/Smart11-225x300.jpg\" alt=\"\" width=\"225\" height=\"300\" srcset=\"https:\/\/willsagen.de\/wp-content\/uploads\/2011\/02\/Smart11-225x300.jpg 225w, https:\/\/willsagen.de\/wp-content\/uploads\/2011\/02\/Smart11-768x1024.jpg 768w, https:\/\/willsagen.de\/wp-content\/uploads\/2011\/02\/Smart11.jpg 942w\" sizes=\"auto, (max-width: 225px) 100vw, 225px\" \/><\/a>Da geht er hin: Mein guter, alter B\u00fcrostuhl!<\/em><em><br \/>\n<\/em><em>Er, den ich stundenlang, tagelang, jahrelang besessen  habe.<br \/>\nEr den, ich mir nach eigenen Vorstellungen aus ein bisschen Sperrm\u00fcll und Autoresten gebaut habe.<br \/>\nEr, der mich auf meinen bislang wichtigsten Berufsjahren treu begleitet hat und mit mir sogar in die Ferne gegangen ist.<\/em><\/p>\n<p>Tja. Jetzt muss ich ihn ausmustern. Die Sitzfl\u00e4che steht schon wieder schief, obwohl ich sie neulich gerade ausgerichtet hatte. Irgendwo neigt sich da was im Geb\u00e4lk. Au\u00dferdem ist das Untergestell schon geschwei\u00dft, ich musste einen Haltebolzen neu drehen und au\u00dferdem sackt nun auch die H\u00f6he jedes Mal ein bisschen ab, wenn man sich draufsetzt. Das sind Anzeichen daf\u00fcr, dass wohl der Gasdruckzylinder hin ist. Kein Wunder, stammt er doch eh schon aus einem ausrangierten Stuhl. Jedenfalls ist mir das insgesamt f\u00fcr eine Weiterbenutzung zu heikel geworden.<\/p>\n<p><a href=\"http:\/\/bigasfunk.de\/wp-content\/uploads\/2011\/02\/Smart2.jpg\"><img loading=\"lazy\" decoding=\"async\" class=\"alignright size-medium wp-image-2953\" style=\"margin: 2px;\" title=\"Smart2\" src=\"http:\/\/bigasfunk.de\/wp-content\/uploads\/2011\/02\/Smart2-225x300.jpg\" alt=\"\" width=\"225\" height=\"300\" srcset=\"https:\/\/willsagen.de\/wp-content\/uploads\/2011\/02\/Smart2-225x300.jpg 225w, https:\/\/willsagen.de\/wp-content\/uploads\/2011\/02\/Smart2-768x1024.jpg 768w, https:\/\/willsagen.de\/wp-content\/uploads\/2011\/02\/Smart2.jpg 942w\" sizes=\"auto, (max-width: 225px) 100vw, 225px\" \/><\/a>Der  Sitz selber stammt von einem Smart Roadster, 45-kw-Variante. Die Sitze hatte ich mal gekauft, um sie in meinen Fiat einzubauen. Das habe ich dann aber doch verworfen. Viel zu schwer, und au\u00dferdem stehe  ich inzwischen wieder mehr auf original. Mal sehen, ob die Sitze bei Ebay jemand haben will. Der Zustand ist ja eigentlich noch ganz gut.<\/p>\n<p>Jetzt habe ich zwar einen neuen Stuhl, der auch spacig aussieht und bequem ist, aber die Idee, aus dem Smart-Sitz einen B\u00fcrostuhl zu bauen, war schon echt gut. Der Sitz war wirklich sehr bequem, gut verstellbar und ich h\u00e4tte im Bedarfsfall sogar einen Sicherheitsgurt anbauen k\u00f6nnen &#8230;<\/p>\n<p><a href=\"http:\/\/bigasfunk.de\/wp-content\/uploads\/2011\/02\/neu.jpg\"><img loading=\"lazy\" decoding=\"async\" class=\"size-medium wp-image-2954 alignnone\" title=\"neu\" src=\"http:\/\/bigasfunk.de\/wp-content\/uploads\/2011\/02\/neu-225x300.jpg\" alt=\"\" width=\"225\" height=\"300\" srcset=\"https:\/\/willsagen.de\/wp-content\/uploads\/2011\/02\/neu-225x300.jpg 225w, https:\/\/willsagen.de\/wp-content\/uploads\/2011\/02\/neu-768x1024.jpg 768w, https:\/\/willsagen.de\/wp-content\/uploads\/2011\/02\/neu.jpg 942w\" sizes=\"auto, (max-width: 225px) 100vw, 225px\" \/><\/a><\/p>\n","protected":false},"excerpt":{"rendered":"<p>Da geht er hin: Mein guter, alter B\u00fcrostuhl! Er, den ich stundenlang, tagelang, jahrelang besessen habe. Er den, ich mir nach eigenen Vorstellungen aus ein bisschen Sperrm\u00fcll und Autoresten gebaut habe. Er, der mich auf meinen bislang wichtigsten Berufsjahren treu begleitet hat und mit mir sogar in die Ferne gegangen ist. Tja. Jetzt muss ich [&hellip;]<\/p>\n","protected":false},"author":1,"featured_media":0,"comment_status":"open","ping_status":"open","sticky":false,"template":"","format":"standard","meta":{"footnotes":""},"categories":[7],"tags":[],"class_list":["post-2951","post","type-post","status-publish","format-standard","hentry","category-danke-es-geht"],"_links":{"self":[{"href":"https:\/\/willsagen.de\/index.php?rest_route=\/wp\/v2\/posts\/2951","targetHints":{"allow":["GET"]}}],"collection":[{"href":"https:\/\/willsagen.de\/index.php?rest_route=\/wp\/v2\/posts"}],"about":[{"href":"https:\/\/willsagen.de\/index.php?rest_route=\/wp\/v2\/types\/post"}],"author":[{"embeddable":true,"href":"https:\/\/willsagen.de\/index.php?rest_route=\/wp\/v2\/users\/1"}],"replies":[{"embeddable":true,"href":"https:\/\/willsagen.de\/index.php?rest_route=%2Fwp%2Fv2%2Fcomments&post=2951"}],"version-history":[{"count":0,"href":"https:\/\/willsagen.de\/index.php?rest_route=\/wp\/v2\/posts\/2951\/revisions"}],"wp:attachment":[{"href":"https:\/\/willsagen.de\/index.php?rest_route=%2Fwp%2Fv2%2Fmedia&parent=2951"}],"wp:term":[{"taxonomy":"category","embeddable":true,"href":"https:\/\/willsagen.de\/index.php?rest_route=%2Fwp%2Fv2%2Fcategories&post=2951"},{"taxonomy":"post_tag","embeddable":true,"href":"https:\/\/willsagen.de\/index.php?rest_route=%2Fwp%2Fv2%2Ftags&post=2951"}],"curies":[{"name":"wp","href":"https:\/\/api.w.org\/{rel}","templated":true}]}}