{"id":3007,"date":"2011-04-01T08:15:43","date_gmt":"2011-04-01T07:15:43","guid":{"rendered":"http:\/\/willsagen.de\/?p=3007"},"modified":"2011-04-01T08:15:43","modified_gmt":"2011-04-01T07:15:43","slug":"april-april","status":"publish","type":"post","link":"https:\/\/willsagen.de\/?p=3007","title":{"rendered":"April, April!"},"content":{"rendered":"<p>Eigentlich mag ich ja Aprilscherze. Selbst bin ich schon gnadenlos drauf reingefallen, andere auf meine Scherze auch. Herrlich!<\/p>\n<p>In den Gazetten ist es seit etlichen Jahren Tradition, (mindestens) einen Scherz-Artikel zu bringen (z. B.\u00a0<a href=\"http:\/\/www.tagesspiegel.de\/berlin\/landespolitik\/sarrazin-kandidiert-fuer-berliner-fdp\/4012096.html\" target=\"_blank\">Tagesspiegel<\/a>, Die Bildzeitung vergisst \u00fcbrigens immer nach dem 1.4., ihren Scherz aus dem Layout zu nehmen: &#8222;Unabh\u00e4ngig \u00dcberparteilich&#8220;.\u00a0*) Inzwischen ist das Ganze nur relativ durchsichtig geworden. Man wei\u00df halt, dass etwas nicht stimmt. Mein Vorschlag w\u00e4re daher, dass die Zeitungen und Onlinemedien auf ihren Aprilscherz verzichten sollten. Das w\u00fcrde wieder etwas mehr Freude in die Lekt\u00fcre der Medien am 1.4. bringen.<\/p>\n<p>&nbsp;<\/p>\n<p>*Quelle: Radio1, heute morgen gegen6.30 Uhr. Danke.<\/p>\n","protected":false},"excerpt":{"rendered":"<p>Eigentlich mag ich ja Aprilscherze. Selbst bin ich schon gnadenlos drauf reingefallen, andere auf meine Scherze auch. Herrlich! In den Gazetten ist es seit etlichen Jahren Tradition, (mindestens) einen Scherz-Artikel zu bringen (z. B.\u00a0Tagesspiegel, Die Bildzeitung vergisst \u00fcbrigens immer nach dem 1.4., ihren Scherz aus dem Layout zu nehmen: &#8222;Unabh\u00e4ngig \u00dcberparteilich&#8220;.\u00a0*) Inzwischen ist das Ganze [&hellip;]<\/p>\n","protected":false},"author":1,"featured_media":0,"comment_status":"open","ping_status":"open","sticky":false,"template":"","format":"standard","meta":{"footnotes":""},"categories":[7],"tags":[],"class_list":["post-3007","post","type-post","status-publish","format-standard","hentry","category-danke-es-geht"],"_links":{"self":[{"href":"https:\/\/willsagen.de\/index.php?rest_route=\/wp\/v2\/posts\/3007","targetHints":{"allow":["GET"]}}],"collection":[{"href":"https:\/\/willsagen.de\/index.php?rest_route=\/wp\/v2\/posts"}],"about":[{"href":"https:\/\/willsagen.de\/index.php?rest_route=\/wp\/v2\/types\/post"}],"author":[{"embeddable":true,"href":"https:\/\/willsagen.de\/index.php?rest_route=\/wp\/v2\/users\/1"}],"replies":[{"embeddable":true,"href":"https:\/\/willsagen.de\/index.php?rest_route=%2Fwp%2Fv2%2Fcomments&post=3007"}],"version-history":[{"count":0,"href":"https:\/\/willsagen.de\/index.php?rest_route=\/wp\/v2\/posts\/3007\/revisions"}],"wp:attachment":[{"href":"https:\/\/willsagen.de\/index.php?rest_route=%2Fwp%2Fv2%2Fmedia&parent=3007"}],"wp:term":[{"taxonomy":"category","embeddable":true,"href":"https:\/\/willsagen.de\/index.php?rest_route=%2Fwp%2Fv2%2Fcategories&post=3007"},{"taxonomy":"post_tag","embeddable":true,"href":"https:\/\/willsagen.de\/index.php?rest_route=%2Fwp%2Fv2%2Ftags&post=3007"}],"curies":[{"name":"wp","href":"https:\/\/api.w.org\/{rel}","templated":true}]}}