{"id":3187,"date":"2011-07-08T10:59:11","date_gmt":"2011-07-08T09:59:11","guid":{"rendered":"http:\/\/willsagen.de\/?p=3187"},"modified":"2011-07-08T10:59:11","modified_gmt":"2011-07-08T09:59:11","slug":"farewell-space-shuttle","status":"publish","type":"post","link":"https:\/\/willsagen.de\/?p=3187","title":{"rendered":"Farewell, Space Shuttle!"},"content":{"rendered":"<p>Jetzt aber!<\/p>\n<p>Nachdem ich <a href=\"http:\/\/willsagen.de\/?p=3098\" target=\"_blank\">im Mai<\/a> ja schon voreilig gekr\u00e4ht hatte, dass das Space Shuttle zum letzten Mal abhebt, was sich aber nur auf die Raumf\u00e4hre Endeavour bezog, ist heute wirklich Schluss, wenn alles gut geht.<\/p>\n<p>Hier kann man den Start, der f\u00fcr heute nachmittag, kurz vor halb sechs angesetzt ist, verfolgen:<\/p>\n<p><a href=\"http:\/\/www.nasa.gov\/mission_pages\/shuttle\/main\/index.html\">http:\/\/www.nasa.gov\/mission_pages\/shuttle\/main\/index.html<\/a><\/p>\n<p><a href=\"http:\/\/www.nasa.gov\/externalflash\/135_splash\/index.html\">http:\/\/www.nasa.gov\/externalflash\/135_splash\/index.html<\/a><\/p>\n<p>&nbsp;<\/p>\n<p>Schade, dass man keinen w\u00fcrdigen Nachfolger am Start hat!<\/p>\n<p>&nbsp;<\/p>\n","protected":false},"excerpt":{"rendered":"<p>Jetzt aber! Nachdem ich im Mai ja schon voreilig gekr\u00e4ht hatte, dass das Space Shuttle zum letzten Mal abhebt, was sich aber nur auf die Raumf\u00e4hre Endeavour bezog, ist heute wirklich Schluss, wenn alles gut geht. Hier kann man den Start, der f\u00fcr heute nachmittag, kurz vor halb sechs angesetzt ist, verfolgen: http:\/\/www.nasa.gov\/mission_pages\/shuttle\/main\/index.html http:\/\/www.nasa.gov\/externalflash\/135_splash\/index.html &nbsp; [&hellip;]<\/p>\n","protected":false},"author":1,"featured_media":0,"comment_status":"open","ping_status":"open","sticky":false,"template":"","format":"standard","meta":{"footnotes":""},"categories":[10],"tags":[],"class_list":["post-3187","post","type-post","status-publish","format-standard","hentry","category-das-leben-das-universum-und-der-ganze-rest"],"_links":{"self":[{"href":"https:\/\/willsagen.de\/index.php?rest_route=\/wp\/v2\/posts\/3187","targetHints":{"allow":["GET"]}}],"collection":[{"href":"https:\/\/willsagen.de\/index.php?rest_route=\/wp\/v2\/posts"}],"about":[{"href":"https:\/\/willsagen.de\/index.php?rest_route=\/wp\/v2\/types\/post"}],"author":[{"embeddable":true,"href":"https:\/\/willsagen.de\/index.php?rest_route=\/wp\/v2\/users\/1"}],"replies":[{"embeddable":true,"href":"https:\/\/willsagen.de\/index.php?rest_route=%2Fwp%2Fv2%2Fcomments&post=3187"}],"version-history":[{"count":0,"href":"https:\/\/willsagen.de\/index.php?rest_route=\/wp\/v2\/posts\/3187\/revisions"}],"wp:attachment":[{"href":"https:\/\/willsagen.de\/index.php?rest_route=%2Fwp%2Fv2%2Fmedia&parent=3187"}],"wp:term":[{"taxonomy":"category","embeddable":true,"href":"https:\/\/willsagen.de\/index.php?rest_route=%2Fwp%2Fv2%2Fcategories&post=3187"},{"taxonomy":"post_tag","embeddable":true,"href":"https:\/\/willsagen.de\/index.php?rest_route=%2Fwp%2Fv2%2Ftags&post=3187"}],"curies":[{"name":"wp","href":"https:\/\/api.w.org\/{rel}","templated":true}]}}